{"id":7111,"__str__":"PROJETO DE LEI n\u00ba 7 de 2026","link_detail_backend":"/materia/7111","metadata":{},"numero":7,"ano":2026,"numero_protocolo":12,"data_apresentacao":"2026-02-24","tipo_apresentacao":"E","data_publicacao":null,"numero_origem_externa":"","ano_origem_externa":null,"data_origem_externa":null,"apelido":"","dias_prazo":null,"data_fim_prazo":null,"em_tramitacao":false,"polemica":false,"objeto":"","complementar":false,"ementa":"Disp\u00f5e sobre a institui\u00e7\u00e3o do programa \"Sua falta faz falta\" como diretriz da pol\u00edtica municipal de sa\u00fade, voltado \u00e0 redu\u00e7\u00e3o do absente\u00edsmo em consultas, exames e procedimentos agendados no Sistema \u00danico de Sa\u00fade - SUS, no munic\u00edpio de Sarzedo.","indexacao":"","observacao":"","resultado":"","texto_original":"http://sapl.sarzedo.mg.leg.br/media/sapl/public/materialegislativa/2026/7111/projeto_de_lei__07-2026.pdf","data_ultima_atualizacao":"2026-04-01T08:11:03.330497-03:00","ip":"200.170.145.218","ultima_edicao":"2026-02-24T17:11:57.918796-03:00","tipo":1,"regime_tramitacao":1,"tipo_origem_externa":null,"local_origem_externa":null,"user":39,"anexadas":[],"autores":[60]}