{"id":6865,"__str__":"REQUERIMENTO n\u00ba 129 de 2025","link_detail_backend":"/materia/6865","metadata":{},"numero":129,"ano":2025,"numero_protocolo":null,"data_apresentacao":"2025-10-09","tipo_apresentacao":"O","data_publicacao":null,"numero_origem_externa":"","ano_origem_externa":null,"data_origem_externa":null,"apelido":"","dias_prazo":null,"data_fim_prazo":null,"em_tramitacao":false,"polemica":false,"objeto":"","complementar":false,"ementa":"REQUERIMENTO VERBAL 129/2025.\r\n\r\nRequer que seja encaminhado of\u00edcio \u00e0 Prefeita Municipal, bem como \u00e0 Secretaria Municipal de Educa\u00e7\u00e3o para que seja estudada, com urg\u00eancia, a disponibiliza\u00e7\u00e3o de cadeiras de rodas em todas as escolas da rede municipal de ensino.","indexacao":"","observacao":"","resultado":"","texto_original":"http://sapl.sarzedo.mg.leg.br/media/sapl/public/materialegislativa/2025/6865/requerimento_129-2025.pdf","data_ultima_atualizacao":"2025-10-24T15:49:00.283985-03:00","ip":"200.170.145.218","ultima_edicao":"2025-10-24T15:49:00.099302-03:00","tipo":10,"regime_tramitacao":1,"tipo_origem_externa":null,"local_origem_externa":null,"user":39,"anexadas":[],"autores":[56]}