{"id":6845,"__str__":"REQUERIMENTO n\u00ba 120 de 2025","link_detail_backend":"/materia/6845","metadata":{},"numero":120,"ano":2025,"numero_protocolo":200,"data_apresentacao":"2025-10-03","tipo_apresentacao":"E","data_publicacao":null,"numero_origem_externa":"","ano_origem_externa":null,"data_origem_externa":null,"apelido":"","dias_prazo":null,"data_fim_prazo":null,"em_tramitacao":true,"polemica":false,"objeto":"","complementar":false,"ementa":"Nos termos do art. 254, inciso Ill, do Regimento Interno da C\u00e2mara Municipal de Sarzedo, n\u00f3s, Vereadores Leandro Ant\u00f4nio de Castro (Tio\r\nL\u00e9o), Geovania Aparecida e Sara Paula, no uso de nossas atribui\u00e7\u00f5es legais e regimentais, vimos, respeitosamente, requerer que seja encaminhado expediente \u00e0 Secretaria Municipal competente, solicitando a cria\u00e7\u00e3o da Subsecretaria de Inclus\u00e3o na Educa\u00e7\u00e3o, no \u00e2mbito do Munic\u00edpio de Sarzedo.","indexacao":"","observacao":"","resultado":"","texto_original":"http://sapl.sarzedo.mg.leg.br/media/sapl/public/materialegislativa/2025/6845/requerimento_120-2025.pdf","data_ultima_atualizacao":"2025-10-06T13:31:12.986328-03:00","ip":"200.170.145.221","ultima_edicao":"2025-10-03T14:37:25.089713-03:00","tipo":10,"regime_tramitacao":1,"tipo_origem_externa":null,"local_origem_externa":null,"user":39,"anexadas":[],"autores":[55,56,54]}