{"id":6685,"__str__":"PARECER n\u00ba 74 de 2025","link_detail_backend":"/materia/6685","metadata":{},"numero":74,"ano":2025,"numero_protocolo":null,"data_apresentacao":"2025-08-26","tipo_apresentacao":"E","data_publicacao":null,"numero_origem_externa":"","ano_origem_externa":null,"data_origem_externa":null,"apelido":"","dias_prazo":null,"data_fim_prazo":null,"em_tramitacao":true,"polemica":false,"objeto":"","complementar":false,"ementa":"PARECER DA CCJ REFRENTE AO PROJETI DE LEI 52/2025 D\u00c1 NOME DE \"RUA CONCEI\u00c7\u00c3O ROSA DE SOUZA\" A VIA P\u00daBLICA, SEM DENOMINA\u00c7\u00c3O OFICIAL, PARALELA \u00c0 RUA JO\u00c3O L\u00c1ZARO E \u00c0 AVENIDA CEMIG, NO MUNIC\u00cdPIO DE SARZEDO/MG","indexacao":"","observacao":"","resultado":"","texto_original":"http://sapl.sarzedo.mg.leg.br/media/sapl/public/materialegislativa/2025/6685/parecer_ccj_pl_52-2025.pdf","data_ultima_atualizacao":"2025-08-26T12:14:50.688923-03:00","ip":"200.170.145.217","ultima_edicao":"2025-08-26T12:14:50.500446-03:00","tipo":19,"regime_tramitacao":1,"tipo_origem_externa":null,"local_origem_externa":null,"user":17,"anexadas":[],"autores":[11]}