{"id":6511,"__str__":"PARECER n\u00ba 46 de 2025","link_detail_backend":"/materia/6511","metadata":{},"numero":46,"ano":2025,"numero_protocolo":null,"data_apresentacao":"2025-05-15","tipo_apresentacao":"E","data_publicacao":null,"numero_origem_externa":"","ano_origem_externa":null,"data_origem_externa":null,"apelido":"","dias_prazo":null,"data_fim_prazo":null,"em_tramitacao":true,"polemica":false,"objeto":"","complementar":false,"ementa":"PARECER DA COMISS\u00c3O ESPECIAL DA C\u00c2MARA MUNICIPAL DE SARZEDO, REFERENTE AO VETO INTEGRAL APOSTO PELA CHEFE DO PODER EXECUTIVO MUNICIPAL \u00c0 PROPOSI\u00c7\u00c3O DE LEI N\u00b0 09 DE 10 DE ABRIL DE 2025, QUE \"DISP\u00d5E SOBRE O ATENDIMENTO EDUCACIONAL ESPECIALIZADO (AEES), FORNECIMENTO DE MATERIAIS E RECURSOS PERSONALIZADOS E ADAPTADOS PARA AS PESSOAS COM DEFICI\u00caNCIAS (PCD), TRANSTORNO DO ESPECTRO AUTISTA E DEMAIS DEFICI\u00caNCIAS INTELECTUAIS NA REDE MUNICIPAL DE EDUCA\u00c7\u00c3O, BEM COMO AOS ALUNOS DO MUNIC\u00cdPIO QUE S\u00c3O ATENDIDOS PELA ASSOCIA\u00c7\u00c3O DE PAIS E AMIGOS DOS EXCEPCIONAIS (APAE) DE SARZEDO, E D\u00c1 OUTRAS PROVID\u00caNCIAS\".","indexacao":"","observacao":"","resultado":"","texto_original":"http://sapl.sarzedo.mg.leg.br/media/sapl/public/materialegislativa/2025/6511/parecer_comissao_especial_ao_veto_proposicao_09.2025.pdf","data_ultima_atualizacao":"2025-05-27T17:07:01.174986-03:00","ip":"200.170.145.218","ultima_edicao":"2025-05-15T17:44:00.967174-03:00","tipo":19,"regime_tramitacao":1,"tipo_origem_externa":null,"local_origem_externa":null,"user":2,"anexadas":[],"autores":[51]}