{"id":6491,"__str__":"PROPOSI\u00c7\u00c3O DE LEI n\u00ba 17 de 2025","link_detail_backend":"/materia/6491","metadata":{},"numero":17,"ano":2025,"numero_protocolo":null,"data_apresentacao":"2025-05-08","tipo_apresentacao":"E","data_publicacao":null,"numero_origem_externa":"","ano_origem_externa":null,"data_origem_externa":null,"apelido":"","dias_prazo":null,"data_fim_prazo":null,"em_tramitacao":false,"polemica":false,"objeto":"","complementar":false,"ementa":"Denomina como Marta da Concei\u00e7\u00e3o Parreiras o Pr\u00e9dio P\u00fablico localizado na Rua Santa Efig\u00eania, N\u00ba 321, Bairro Jardim Santa Rosa, neste munic\u00edpio e revoga a Lei N\u00ba 287/2005","indexacao":"","observacao":"","resultado":"","texto_original":"http://sapl.sarzedo.mg.leg.br/media/sapl/public/materialegislativa/2025/6491/proposicao_de_lei_17_de_2025.pdf","data_ultima_atualizacao":"2025-05-08T14:34:57.364916-03:00","ip":"177.39.122.197","ultima_edicao":"2025-05-08T14:32:59.929631-03:00","tipo":40,"regime_tramitacao":1,"tipo_origem_externa":null,"local_origem_externa":null,"user":38,"anexadas":[6453],"autores":[17]}