{"id":6481,"__str__":"PORTARIA n\u00ba 62 de 2025","link_detail_backend":"/materia/6481","metadata":{},"numero":62,"ano":2025,"numero_protocolo":null,"data_apresentacao":"2025-05-06","tipo_apresentacao":"E","data_publicacao":null,"numero_origem_externa":"","ano_origem_externa":null,"data_origem_externa":null,"apelido":"","dias_prazo":null,"data_fim_prazo":null,"em_tramitacao":false,"polemica":false,"objeto":"","complementar":false,"ementa":"\u201cNomeiam-se os integrantes da Comiss\u00e3o Especial de An\u00e1lise do Veto Integral a Proposi\u00e7\u00e3o de Lei 09/2025 \"Disp\u00f5e sobre o Atendimento Educacional Especializado (AEEs), fornecimento de materiais e recursos personalizados e adaptados para as pessoas com defici\u00eancias (PcD), transtorno do Espectro Autista e demais defici\u00eancias intelectuais na Rede Municipal de Educa\u00e7\u00e3o, bem como aos alunos do munic\u00edpio que s\u00e3o atendidos pela Associa\u00e7\u00e3o de Pais e Amigos Dos Excepcionais (APAE) de Sarzedo, e d\u00e1 outras provid\u00eancias.\"","indexacao":"","observacao":"","resultado":"","texto_original":"http://sapl.sarzedo.mg.leg.br/media/sapl/public/materialegislativa/2025/6481/portaria_62-2025.pdf","data_ultima_atualizacao":"2025-05-06T16:12:00.513209-03:00","ip":"177.39.122.197","ultima_edicao":"2025-05-06T15:58:34.699029-03:00","tipo":14,"regime_tramitacao":1,"tipo_origem_externa":null,"local_origem_externa":null,"user":17,"anexadas":[],"autores":[19]}