{"id":4873,"__str__":"PARECER n\u00ba 98 de 2023","link_detail_backend":"/materia/4873","metadata":{},"numero":98,"ano":2023,"numero_protocolo":null,"data_apresentacao":"2023-12-12","tipo_apresentacao":"E","data_publicacao":null,"numero_origem_externa":"","ano_origem_externa":null,"data_origem_externa":null,"apelido":"","dias_prazo":null,"data_fim_prazo":null,"em_tramitacao":true,"polemica":false,"objeto":"","complementar":false,"ementa":"PARECER DA CCJ, REFERENTE AO PROJETO DE LEI COMPLEMENTAR  09/2023 ALTERA A LEI COMPLEMENTAR N\u00ba 128/2018, QUE INSTITUI O PLANO DE CARGOS, CARREIRAS E VENCIMENTOS DOS SERVIDORES P\u00daBLICOS DO INSTITUTO DE PREVID\u00caNCIA SOCIAL DOS SERVIDORES DO MUNIC\u00cdPIO DE SARZEDO (IPRES).","indexacao":"","observacao":"","resultado":"","texto_original":"http://sapl.sarzedo.mg.leg.br/media/sapl/public/materialegislativa/2023/4873/parecer_plc_09-2023.pdf","data_ultima_atualizacao":"2023-12-15T11:39:25.836666-03:00","ip":"200.170.145.217","ultima_edicao":"2023-12-15T11:33:40.228831-03:00","tipo":19,"regime_tramitacao":1,"tipo_origem_externa":null,"local_origem_externa":null,"user":27,"anexadas":[],"autores":[11]}