{"id":4816,"__str__":"PARECER n\u00ba 86 de 2023","link_detail_backend":"/materia/4816","metadata":{},"numero":86,"ano":2023,"numero_protocolo":null,"data_apresentacao":"2023-10-31","tipo_apresentacao":"E","data_publicacao":null,"numero_origem_externa":"","ano_origem_externa":null,"data_origem_externa":null,"apelido":"","dias_prazo":null,"data_fim_prazo":null,"em_tramitacao":true,"polemica":false,"objeto":"","complementar":false,"ementa":"PARECER CONJUNTO DA CCJ E COMISS\u00c3O DE CULTURA E LAZER REFERENTE AO PRJETO DE LEI 73/2023 \"INSTITUI E INCLUI NO CALEND\u00c1RIO OFICIAL DE EVENTOS DO MUNIC\u00cdPIO DE SARZEDO A FESTA DO TRABALHADOR NO BAIRRO BRAS\u00cdLIA\".","indexacao":"","observacao":"","resultado":"","texto_original":"http://sapl.sarzedo.mg.leg.br/media/sapl/public/materialegislativa/2023/4816/parecer_ccj_pl_73-2023.pdf","data_ultima_atualizacao":"2023-11-07T11:11:09.214059-03:00","ip":"200.170.145.217","ultima_edicao":"2023-11-07T11:11:09.035983-03:00","tipo":19,"regime_tramitacao":1,"tipo_origem_externa":null,"local_origem_externa":null,"user":17,"anexadas":[],"autores":[11,14]}