{"id":4752,"__str__":"PARECER n\u00ba 69 de 2023","link_detail_backend":"/materia/4752","metadata":{},"numero":69,"ano":2023,"numero_protocolo":null,"data_apresentacao":"2023-10-03","tipo_apresentacao":"E","data_publicacao":null,"numero_origem_externa":"","ano_origem_externa":null,"data_origem_externa":null,"apelido":"","dias_prazo":null,"data_fim_prazo":null,"em_tramitacao":true,"polemica":false,"objeto":"","complementar":false,"ementa":"PARECER CONJUNTO DA CCJ E COMISS\u00c3O DE SA\u00daDE REFERENTE A MO\u00c7\u00c3O 10/2023 Mo\u00e7\u00e3o de rep\u00fadio \u00e0 ADPF n\u00b0 442 \u2013 legaliza\u00e7\u00e3o do aborto no primeiro trimestre.\u201d","indexacao":"","observacao":"","resultado":"","texto_original":"http://sapl.sarzedo.mg.leg.br/media/sapl/public/materialegislativa/2023/4752/parecer_da_ccj_mocao_10-2023.pdf","data_ultima_atualizacao":"2023-10-09T08:37:31.468238-03:00","ip":"200.170.145.217","ultima_edicao":"2023-10-09T08:37:31.290508-03:00","tipo":19,"regime_tramitacao":1,"tipo_origem_externa":null,"local_origem_externa":null,"user":17,"anexadas":[],"autores":[11,12]}