{"id":4722,"__str__":"MO\u00c7\u00c3O n\u00ba 11 de 2023","link_detail_backend":"/materia/4722","metadata":{},"numero":11,"ano":2023,"numero_protocolo":201,"data_apresentacao":"2023-09-21","tipo_apresentacao":"E","data_publicacao":null,"numero_origem_externa":"","ano_origem_externa":null,"data_origem_externa":null,"apelido":"","dias_prazo":null,"data_fim_prazo":null,"em_tramitacao":false,"polemica":false,"objeto":"","complementar":false,"ementa":"\u201cMo\u00e7\u00e3o Honrosa de Aplausos e Congratula\u00e7\u00f5es pelo reconhecimento profissional ao PM. Cabo Edson Geraldo da Silva J\u00fanior.\u201d","indexacao":"","observacao":"","resultado":"","texto_original":"http://sapl.sarzedo.mg.leg.br/media/sapl/public/materialegislativa/2023/4722/mocao_11-2023..pdf","data_ultima_atualizacao":"2023-10-11T12:26:46.235325-03:00","ip":"200.170.145.217","ultima_edicao":"2023-09-21T10:20:52.017370-03:00","tipo":11,"regime_tramitacao":1,"tipo_origem_externa":null,"local_origem_externa":null,"user":2,"anexadas":[],"autores":[47]}